{"id":722,"date":"2024-10-19T18:34:02","date_gmt":"2024-10-19T21:34:02","guid":{"rendered":"http:\/\/alexandrecuba.com\/?p=722"},"modified":"2024-10-19T18:34:02","modified_gmt":"2024-10-19T21:34:02","slug":"cuba-na-fabrica-de-cultura","status":"publish","type":"post","link":"http:\/\/alexandrecuba.com\/?p=722","title":{"rendered":"Cuba na F\u00e1brica de Cultura"},"content":{"rendered":"<p>\u00c0 frente da Trinca Produtora, fomentando m\u00fasica, teatro e dan\u00e7a, <strong>Alexandre Cuba <\/strong>se apresenta em um show intimista de voz e viol\u00e3o, com a parceria do multi-instrumentista J\u00fanior Mississippi.<\/p>\n<p>No repert\u00f3rio do show, composi\u00e7\u00f5es criadas ao longo de seus 40 anos de carreira, dividindo com o p\u00fablico sua forma de pensar, sentir, falar e porque n\u00e3o dizer atuar.<\/p>\n<blockquote><p><em>\u201cEu tenho um sentimento de ser usado como receptor nas minhas composi\u00e7\u00f5es. Algumas inspira\u00e7\u00f5es que resultam em uma can\u00e7\u00e3o s\u00e3o situa\u00e7\u00f5es que qualquer um pode viver, mas, ningu\u00e9m que eu conhe\u00e7a tenha vivido. Mesmo assim eu conto a hist\u00f3ria.\u201d<\/em><\/p><\/blockquote>\n<p><!--more--><\/p>\n<p>Orientado pelas palavras que extrai de suas observa\u00e7\u00f5es, viv\u00eancias e imagina\u00e7\u00f5es, Cuba se permite cantar ritmos variados, inten\u00e7\u00f5es musicais diversas, aproveitando todas as influ\u00eancias absorvidas em sua hist\u00f3ria como ouvinte e amante das artes.<\/p>\n<p>Al\u00e9m de can\u00e7\u00f5es autorais, a apresenta\u00e7\u00e3o contou com alguns hits e seu toque pessoal, mas que influenciaram o artista ao longo de sua carreira como: Tim Maia, Sandra de S\u00e1, Nando Reis, Legi\u00e3o Urbana e Seu Jorge.<\/p>\n","protected":false},"excerpt":{"rendered":"<p>\u00c0 frente da Trinca Produtora, fomentando m\u00fasica, teatro e dan\u00e7a, Alexandre Cuba se apresenta em um show intimista de voz e viol\u00e3o, com a parceria do multi-instrumentista J\u00fanior Mississippi. No repert\u00f3rio do show, composi\u00e7\u00f5es criadas ao longo de seus 40 anos de carreira, dividindo com o p\u00fablico sua forma de pensar, sentir, falar e porque [&hellip;]<\/p>\n","protected":false},"author":2,"featured_media":656,"comment_status":"open","ping_status":"open","sticky":false,"template":"","format":"standard","meta":{"footnotes":""},"categories":[34],"tags":[],"class_list":["post-722","post","type-post","status-publish","format-standard","has-post-thumbnail","hentry","category-show"],"_links":{"self":[{"href":"http:\/\/alexandrecuba.com\/index.php?rest_route=\/wp\/v2\/posts\/722","targetHints":{"allow":["GET"]}}],"collection":[{"href":"http:\/\/alexandrecuba.com\/index.php?rest_route=\/wp\/v2\/posts"}],"about":[{"href":"http:\/\/alexandrecuba.com\/index.php?rest_route=\/wp\/v2\/types\/post"}],"author":[{"embeddable":true,"href":"http:\/\/alexandrecuba.com\/index.php?rest_route=\/wp\/v2\/users\/2"}],"replies":[{"embeddable":true,"href":"http:\/\/alexandrecuba.com\/index.php?rest_route=%2Fwp%2Fv2%2Fcomments&post=722"}],"version-history":[{"count":2,"href":"http:\/\/alexandrecuba.com\/index.php?rest_route=\/wp\/v2\/posts\/722\/revisions"}],"predecessor-version":[{"id":769,"href":"http:\/\/alexandrecuba.com\/index.php?rest_route=\/wp\/v2\/posts\/722\/revisions\/769"}],"wp:featuredmedia":[{"embeddable":true,"href":"http:\/\/alexandrecuba.com\/index.php?rest_route=\/wp\/v2\/media\/656"}],"wp:attachment":[{"href":"http:\/\/alexandrecuba.com\/index.php?rest_route=%2Fwp%2Fv2%2Fmedia&parent=722"}],"wp:term":[{"taxonomy":"category","embeddable":true,"href":"http:\/\/alexandrecuba.com\/index.php?rest_route=%2Fwp%2Fv2%2Fcategories&post=722"},{"taxonomy":"post_tag","embeddable":true,"href":"http:\/\/alexandrecuba.com\/index.php?rest_route=%2Fwp%2Fv2%2Ftags&post=722"}],"curies":[{"name":"wp","href":"https:\/\/api.w.org\/{rel}","templated":true}]}}