{"id":715,"date":"2024-10-19T18:29:19","date_gmt":"2024-10-19T21:29:19","guid":{"rendered":"http:\/\/alexandrecuba.com\/?p=715"},"modified":"2024-10-20T13:09:05","modified_gmt":"2024-10-20T16:09:05","slug":"fome-teatro-clara-nunes","status":"publish","type":"post","link":"http:\/\/alexandrecuba.com\/?p=715","title":{"rendered":"Fome &#8211; Teatro Clara Nunes"},"content":{"rendered":"\n\t\t<style type=\"text\/css\">\n\t\t\t#gallery-1 {\n\t\t\t\tmargin: auto;\n\t\t\t}\n\t\t\t#gallery-1 .gallery-item {\n\t\t\t\tfloat: left;\n\t\t\t\tmargin-top: 10px;\n\t\t\t\ttext-align: center;\n\t\t\t\twidth: 14%;\n\t\t\t}\n\t\t\t#gallery-1 img {\n\t\t\t\tborder: 2px solid #cfcfcf;\n\t\t\t}\n\t\t\t#gallery-1 .gallery-caption {\n\t\t\t\tmargin-left: 0;\n\t\t\t}\n\t\t\t\/* see gallery_shortcode() in wp-includes\/media.php *\/\n\t\t<\/style>\n\t\t<div id='gallery-1' class='gallery galleryid-715 gallery-columns-7 gallery-size-portfolio'><dl class='gallery-item'>\n\t\t\t<dt class='gallery-icon landscape'>\n\t\t\t\t<a href='http:\/\/alexandrecuba.com\/wp-content\/uploads\/2015\/01\/Design-sem-nome-1.png'><img loading=\"lazy\" decoding=\"async\" width=\"495\" height=\"400\" src=\"http:\/\/alexandrecuba.com\/wp-content\/uploads\/2015\/01\/Design-sem-nome-1-495x400.png\" class=\"attachment-portfolio size-portfolio\" alt=\"\" srcset=\"http:\/\/alexandrecuba.com\/wp-content\/uploads\/2015\/01\/Design-sem-nome-1-495x400.png 495w, http:\/\/alexandrecuba.com\/wp-content\/uploads\/2015\/01\/Design-sem-nome-1-845x684.png 845w\" sizes=\"auto, (max-width: 495px) 100vw, 495px\" \/><\/a>\n\t\t\t<\/dt><\/dl><dl class='gallery-item'>\n\t\t\t<dt class='gallery-icon landscape'>\n\t\t\t\t<a href='http:\/\/alexandrecuba.com\/wp-content\/uploads\/2015\/01\/IMG_6709-scaled.jpg'><img loading=\"lazy\" decoding=\"async\" width=\"495\" height=\"400\" src=\"http:\/\/alexandrecuba.com\/wp-content\/uploads\/2015\/01\/IMG_6709-495x400.jpg\" class=\"attachment-portfolio size-portfolio\" alt=\"\" srcset=\"http:\/\/alexandrecuba.com\/wp-content\/uploads\/2015\/01\/IMG_6709-495x400.jpg 495w, http:\/\/alexandrecuba.com\/wp-content\/uploads\/2015\/01\/IMG_6709-845x684.jpg 845w\" sizes=\"auto, (max-width: 495px) 100vw, 495px\" \/><\/a>\n\t\t\t<\/dt><\/dl><dl class='gallery-item'>\n\t\t\t<dt class='gallery-icon landscape'>\n\t\t\t\t<a href='http:\/\/alexandrecuba.com\/wp-content\/uploads\/2015\/01\/IMG_6699-scaled.jpg'><img loading=\"lazy\" decoding=\"async\" width=\"495\" height=\"400\" src=\"http:\/\/alexandrecuba.com\/wp-content\/uploads\/2015\/01\/IMG_6699-495x400.jpg\" class=\"attachment-portfolio size-portfolio\" alt=\"\" srcset=\"http:\/\/alexandrecuba.com\/wp-content\/uploads\/2015\/01\/IMG_6699-495x400.jpg 495w, http:\/\/alexandrecuba.com\/wp-content\/uploads\/2015\/01\/IMG_6699-845x684.jpg 845w\" sizes=\"auto, (max-width: 495px) 100vw, 495px\" \/><\/a>\n\t\t\t<\/dt><\/dl><dl class='gallery-item'>\n\t\t\t<dt class='gallery-icon landscape'>\n\t\t\t\t<a href='http:\/\/alexandrecuba.com\/wp-content\/uploads\/2015\/01\/IMG_6730-scaled.jpg'><img loading=\"lazy\" decoding=\"async\" width=\"495\" height=\"400\" src=\"http:\/\/alexandrecuba.com\/wp-content\/uploads\/2015\/01\/IMG_6730-495x400.jpg\" class=\"attachment-portfolio size-portfolio\" alt=\"\" srcset=\"http:\/\/alexandrecuba.com\/wp-content\/uploads\/2015\/01\/IMG_6730-495x400.jpg 495w, http:\/\/alexandrecuba.com\/wp-content\/uploads\/2015\/01\/IMG_6730-845x684.jpg 845w\" sizes=\"auto, (max-width: 495px) 100vw, 495px\" \/><\/a>\n\t\t\t<\/dt><\/dl><dl class='gallery-item'>\n\t\t\t<dt class='gallery-icon landscape'>\n\t\t\t\t<a href='http:\/\/alexandrecuba.com\/wp-content\/uploads\/2024\/10\/IMG_6887.png'><img loading=\"lazy\" decoding=\"async\" width=\"400\" height=\"400\" src=\"http:\/\/alexandrecuba.com\/wp-content\/uploads\/2024\/10\/IMG_6887.png\" class=\"attachment-portfolio size-portfolio\" alt=\"\" srcset=\"http:\/\/alexandrecuba.com\/wp-content\/uploads\/2024\/10\/IMG_6887.png 1080w, http:\/\/alexandrecuba.com\/wp-content\/uploads\/2024\/10\/IMG_6887-300x300.png 300w, http:\/\/alexandrecuba.com\/wp-content\/uploads\/2024\/10\/IMG_6887-80x80.png 80w\" sizes=\"auto, (max-width: 400px) 100vw, 400px\" \/><\/a>\n\t\t\t<\/dt><\/dl><dl class='gallery-item'>\n\t\t\t<dt class='gallery-icon landscape'>\n\t\t\t\t<a href='http:\/\/alexandrecuba.com\/wp-content\/uploads\/2024\/10\/IMG_6832.png'><img loading=\"lazy\" decoding=\"async\" width=\"495\" height=\"400\" src=\"http:\/\/alexandrecuba.com\/wp-content\/uploads\/2024\/10\/IMG_6832-495x400.png\" class=\"attachment-portfolio size-portfolio\" alt=\"\" srcset=\"http:\/\/alexandrecuba.com\/wp-content\/uploads\/2024\/10\/IMG_6832-495x400.png 495w, http:\/\/alexandrecuba.com\/wp-content\/uploads\/2024\/10\/IMG_6832-845x684.png 845w\" sizes=\"auto, (max-width: 495px) 100vw, 495px\" \/><\/a>\n\t\t\t<\/dt><\/dl><dl class='gallery-item'>\n\t\t\t<dt class='gallery-icon landscape'>\n\t\t\t\t<a href='http:\/\/alexandrecuba.com\/wp-content\/uploads\/2024\/10\/IMG_6864.png'><img loading=\"lazy\" decoding=\"async\" width=\"495\" height=\"400\" src=\"http:\/\/alexandrecuba.com\/wp-content\/uploads\/2024\/10\/IMG_6864-495x400.png\" class=\"attachment-portfolio size-portfolio\" alt=\"\" srcset=\"http:\/\/alexandrecuba.com\/wp-content\/uploads\/2024\/10\/IMG_6864-495x400.png 495w, http:\/\/alexandrecuba.com\/wp-content\/uploads\/2024\/10\/IMG_6864-845x684.png 845w\" sizes=\"auto, (max-width: 495px) 100vw, 495px\" \/><\/a>\n\t\t\t<\/dt><\/dl><br style=\"clear: both\" \/>\n\t\t<\/div>\n\n<p>O projeto art\u00edstico &#8220;FOME&#8221;, realizado pela Trinca Produtora, esteve dia 22 de Setembro, no Teatro Clara Nunes, no munic\u00edpio de Diadema em S\u00e3o Paulo.<\/p>\n<p>Com uma oportunidade imperd\u00edvel ao p\u00fablico em geral, pela gratuidade na bilheteria e diversidade no seu formato.<\/p>\n<p>As linguagens enraizadas no espet\u00e1culo exploraram o sentido liter\u00e1rio e metaf\u00f3rico do tema, como por exemplo, a fome de arte, viver, cultura, humanidade, conhecimento, tempo e principalmente TOLER\u00c2NCIA. Surge a\u00ed o primeiro sentimento de FOME, de apetite, pelo diferente, pela inova\u00e7\u00e3o.<\/p>\n<p>Com uma nota expressiva no edital da Lei Paulo Gustavo da cidade, o projeto apresentou ainda como contrapartida a arrecada\u00e7\u00e3o de 1 kg de alimento que foram destinados \u00e0 ONG Amigas Solid\u00e1rias de Diadema.<\/p>\n<p>O projeto consistiu em um\u00a0 workshop de t\u00e9cnicas teatrais e a apresenta\u00e7\u00e3o do espet\u00e1culo, presencial\u00a0 multim\u00eddia, na qual tr\u00eas linguagens, m\u00fasica, teatro e dan\u00e7a, enriqueceram, se completaram e se conectaram em torno do mesmo tema.\u00a0 As entregas foram:<\/p>\n<ul>\n<li>Oficina de Teatro e Ancestralidade<\/li>\n<li>Interven\u00e7\u00e3o de dan\u00e7a<\/li>\n<li>Interven\u00e7\u00e3o art\u00edstica<\/li>\n<li>Participa\u00e7\u00e3o da Associa\u00e7\u00e3o ZUM KE L\u00c9<\/li>\n<li>Show com a banda Cuba &amp; Outras Ilhas<\/li>\n<\/ul>\n<p>O evento ainda sorteou uma cesta de caf\u00e9 da tarde ao fim do espet\u00e1culo<\/p>\n<p><!--more--><\/p>\n<p>Com sua experi\u00eancia de mais de 25 anos no mundo corporativo, Cuba promoveu o encontro das artes como um projeto de gest\u00e3o de pessoas envolvidas com a cultura em v\u00e1rios segmentos explorando textos e interven\u00e7\u00f5es art\u00edsticas. O evento contou com a dire\u00e7\u00e3o art\u00edstica e presen\u00e7a do ator e dramaturgo Silvio Tadeu, da atriz Ju Camata, a <em>performance<\/em> dos bailarinos, Renam Bonfim e Davi Santos, al\u00e9m de criar oportunidade para a Associa\u00e7\u00e3o ZUM KE L\u00c9 \u201cRitmo, Cultura de Cidadania\u201d idealizada pelo percussionista e educador Henrique Miranda, que apresentou seus alunos, crian\u00e7as e jovens adolescentes da regi\u00e3o perif\u00e9rica da Zona Sul de S\u00e3o Paulo, dentro do espet\u00e1culo musical.<\/p>\n","protected":false},"excerpt":{"rendered":"<p>O projeto art\u00edstico &#8220;FOME&#8221;, realizado pela Trinca Produtora, esteve dia 22 de Setembro, no Teatro Clara Nunes, no munic\u00edpio de Diadema em S\u00e3o Paulo. Com uma oportunidade imperd\u00edvel ao p\u00fablico em geral, pela gratuidade na bilheteria e diversidade no seu formato. As linguagens enraizadas no espet\u00e1culo exploraram o sentido liter\u00e1rio e metaf\u00f3rico do tema, como [&hellip;]<\/p>\n","protected":false},"author":2,"featured_media":652,"comment_status":"open","ping_status":"open","sticky":false,"template":"","format":"standard","meta":{"footnotes":""},"categories":[34],"tags":[],"class_list":["post-715","post","type-post","status-publish","format-standard","has-post-thumbnail","hentry","category-show"],"_links":{"self":[{"href":"http:\/\/alexandrecuba.com\/index.php?rest_route=\/wp\/v2\/posts\/715","targetHints":{"allow":["GET"]}}],"collection":[{"href":"http:\/\/alexandrecuba.com\/index.php?rest_route=\/wp\/v2\/posts"}],"about":[{"href":"http:\/\/alexandrecuba.com\/index.php?rest_route=\/wp\/v2\/types\/post"}],"author":[{"embeddable":true,"href":"http:\/\/alexandrecuba.com\/index.php?rest_route=\/wp\/v2\/users\/2"}],"replies":[{"embeddable":true,"href":"http:\/\/alexandrecuba.com\/index.php?rest_route=%2Fwp%2Fv2%2Fcomments&post=715"}],"version-history":[{"count":9,"href":"http:\/\/alexandrecuba.com\/index.php?rest_route=\/wp\/v2\/posts\/715\/revisions"}],"predecessor-version":[{"id":745,"href":"http:\/\/alexandrecuba.com\/index.php?rest_route=\/wp\/v2\/posts\/715\/revisions\/745"}],"wp:featuredmedia":[{"embeddable":true,"href":"http:\/\/alexandrecuba.com\/index.php?rest_route=\/wp\/v2\/media\/652"}],"wp:attachment":[{"href":"http:\/\/alexandrecuba.com\/index.php?rest_route=%2Fwp%2Fv2%2Fmedia&parent=715"}],"wp:term":[{"taxonomy":"category","embeddable":true,"href":"http:\/\/alexandrecuba.com\/index.php?rest_route=%2Fwp%2Fv2%2Fcategories&post=715"},{"taxonomy":"post_tag","embeddable":true,"href":"http:\/\/alexandrecuba.com\/index.php?rest_route=%2Fwp%2Fv2%2Ftags&post=715"}],"curies":[{"name":"wp","href":"https:\/\/api.w.org\/{rel}","templated":true}]}}